{"id":480,"date":"2020-02-11T10:00:39","date_gmt":"2020-02-11T09:00:39","guid":{"rendered":"https:\/\/www.ladisch.eu\/zpfeb\/?p=480"},"modified":"2020-02-10T22:51:03","modified_gmt":"2020-02-10T21:51:03","slug":"oohh-freizeitwelten","status":"publish","type":"post","link":"https:\/\/www.ladisch.eu\/zpfeb\/2020\/02\/11\/oohh-freizeitwelten\/","title":{"rendered":"Oohh! Freizeitwelten"},"content":{"rendered":"<h2>Oohh! Freizeitwelten &#8211; Fotohaven: kleine \u00dcberraschungen<\/h2>\n<div>\n<ul class=\"Apple-dash-list\">\n<li>Sigmas fp: klein kompakt und oho!<\/li>\n<li>Tello Drohne: Mini-Drohne mit gro\u00dfem Spa\u00dffaktor<\/li>\n<\/ul>\n<div>\n\n<div class=\"ngg-galleryoverview ngg-slideshow\"\n\t id=\"ngg-slideshow-05473d2f500965afc1e356759df9115b-14513764200\"\n     data-gallery-id=\"05473d2f500965afc1e356759df9115b\"\n     style=\"max-width: 750px; max-height: 500px;\">\n\n \t<div id=\"ngg-image-0\" class=\"ngg-gallery-slideshow-image\" style=\"height:500px\">\n\n        <a href=\"https:\/\/www.ladisch.eu\/zpfeb\/wp-content\/gallery\/oohh\/IMG_0682.jpg\"\n           title=\"\"\n           data-src=\"https:\/\/www.ladisch.eu\/zpfeb\/wp-content\/gallery\/oohh\/IMG_0682.jpg\"\n           data-thumbnail=\"https:\/\/www.ladisch.eu\/zpfeb\/wp-content\/gallery\/oohh\/thumbs\/thumbs_IMG_0682.jpg\"\n           data-image-id=\"52\"\n           data-title=\"Tello Drohne\"\n           data-description=\"\"\n           class=\"ngg-simplelightbox\" rel=\"05473d2f500965afc1e356759df9115b\">\n\n            <img data-image-id='52'\n                 title=\"\"\n                 alt=\"Tello Drohne\"\n                 src=\"https:\/\/www.ladisch.eu\/zpfeb\/wp-content\/gallery\/oohh\/IMG_0682.jpg\"\n                 style=\"max-height: 480px;\"\/>\n        <\/a>\n\n        <\/div> \n<div id=\"ngg-image-1\" class=\"ngg-gallery-slideshow-image\" style=\"height:500px\">\n\n        <a href=\"https:\/\/www.ladisch.eu\/zpfeb\/wp-content\/gallery\/oohh\/IMG_0670.jpg\"\n           title=\"\"\n           data-src=\"https:\/\/www.ladisch.eu\/zpfeb\/wp-content\/gallery\/oohh\/IMG_0670.jpg\"\n           data-thumbnail=\"https:\/\/www.ladisch.eu\/zpfeb\/wp-content\/gallery\/oohh\/thumbs\/thumbs_IMG_0670.jpg\"\n           data-image-id=\"53\"\n           data-title=\"Sigma fp\"\n           data-description=\"\"\n           class=\"ngg-simplelightbox\" rel=\"05473d2f500965afc1e356759df9115b\">\n\n            <img data-image-id='53'\n                 title=\"\"\n                 alt=\"Sigma fp\"\n                 src=\"https:\/\/www.ladisch.eu\/zpfeb\/wp-content\/gallery\/oohh\/IMG_0670.jpg\"\n                 style=\"max-height: 480px;\"\/>\n        <\/a>\n\n        <\/div> \n<div id=\"ngg-image-2\" class=\"ngg-gallery-slideshow-image\" style=\"height:500px\">\n\n        <a href=\"https:\/\/www.ladisch.eu\/zpfeb\/wp-content\/gallery\/oohh\/IMG_0671.jpg\"\n           title=\"\"\n           data-src=\"https:\/\/www.ladisch.eu\/zpfeb\/wp-content\/gallery\/oohh\/IMG_0671.jpg\"\n           data-thumbnail=\"https:\/\/www.ladisch.eu\/zpfeb\/wp-content\/gallery\/oohh\/thumbs\/thumbs_IMG_0671.jpg\"\n           data-image-id=\"54\"\n           data-title=\"Sigma fp\"\n           data-description=\"\"\n           class=\"ngg-simplelightbox\" rel=\"05473d2f500965afc1e356759df9115b\">\n\n            <img data-image-id='54'\n                 title=\"\"\n                 alt=\"Sigma fp\"\n                 src=\"https:\/\/www.ladisch.eu\/zpfeb\/wp-content\/gallery\/oohh\/IMG_0671.jpg\"\n                 style=\"max-height: 480px;\"\/>\n        <\/a>\n\n        <\/div> \n<div id=\"ngg-image-3\" class=\"ngg-gallery-slideshow-image\" style=\"height:500px\">\n\n        <a href=\"https:\/\/www.ladisch.eu\/zpfeb\/wp-content\/gallery\/oohh\/IMG_0698.jpg\"\n           title=\"\"\n           data-src=\"https:\/\/www.ladisch.eu\/zpfeb\/wp-content\/gallery\/oohh\/IMG_0698.jpg\"\n           data-thumbnail=\"https:\/\/www.ladisch.eu\/zpfeb\/wp-content\/gallery\/oohh\/thumbs\/thumbs_IMG_0698.jpg\"\n           data-image-id=\"55\"\n           data-title=\"Hamburg Messe\"\n           data-description=\"\"\n           class=\"ngg-simplelightbox\" rel=\"05473d2f500965afc1e356759df9115b\">\n\n            <img data-image-id='55'\n                 title=\"\"\n                 alt=\"Hamburg Messe\"\n                 src=\"https:\/\/www.ladisch.eu\/zpfeb\/wp-content\/gallery\/oohh\/IMG_0698.jpg\"\n                 style=\"max-height: 480px;\"\/>\n        <\/a>\n\n        <\/div> \n<div id=\"ngg-image-4\" class=\"ngg-gallery-slideshow-image\" style=\"height:500px\">\n\n        <a href=\"https:\/\/www.ladisch.eu\/zpfeb\/wp-content\/gallery\/oohh\/IMG_0696.jpg\"\n           title=\"\"\n           data-src=\"https:\/\/www.ladisch.eu\/zpfeb\/wp-content\/gallery\/oohh\/IMG_0696.jpg\"\n           data-thumbnail=\"https:\/\/www.ladisch.eu\/zpfeb\/wp-content\/gallery\/oohh\/thumbs\/thumbs_IMG_0696.jpg\"\n           data-image-id=\"56\"\n           data-title=\"Camping etwas angenehmer\"\n           data-description=\"\"\n           class=\"ngg-simplelightbox\" rel=\"05473d2f500965afc1e356759df9115b\">\n\n            <img data-image-id='56'\n                 title=\"\"\n                 alt=\"Camping etwas angenehmer\"\n                 src=\"https:\/\/www.ladisch.eu\/zpfeb\/wp-content\/gallery\/oohh\/IMG_0696.jpg\"\n                 style=\"max-height: 480px;\"\/>\n        <\/a>\n\n        <\/div> \n<div id=\"ngg-image-5\" class=\"ngg-gallery-slideshow-image\" style=\"height:500px\">\n\n        <a href=\"https:\/\/www.ladisch.eu\/zpfeb\/wp-content\/gallery\/oohh\/IMG_0695.jpg\"\n           title=\"\"\n           data-src=\"https:\/\/www.ladisch.eu\/zpfeb\/wp-content\/gallery\/oohh\/IMG_0695.jpg\"\n           data-thumbnail=\"https:\/\/www.ladisch.eu\/zpfeb\/wp-content\/gallery\/oohh\/thumbs\/thumbs_IMG_0695.jpg\"\n           data-image-id=\"57\"\n           data-title=\"Luxuscamping\"\n           data-description=\"\"\n           class=\"ngg-simplelightbox\" rel=\"05473d2f500965afc1e356759df9115b\">\n\n            <img data-image-id='57'\n                 title=\"\"\n                 alt=\"Luxuscamping\"\n                 src=\"https:\/\/www.ladisch.eu\/zpfeb\/wp-content\/gallery\/oohh\/IMG_0695.jpg\"\n                 style=\"max-height: 480px;\"\/>\n        <\/a>\n\n        <\/div> \n<\/div>\n\n\n\n<\/div>\n<div>Wir sind immer auf der Suche nach sinnvollen Erg\u00e4nzungen unseres Equipments um auf Reisen, bei Shootings und euren Veranstaltungen top ausger\u00fcstet zu sein und euch in den Workshops Tipps geben zu k\u00f6nnen. Dazu geh\u00f6rt f\u00fcr uns auch neue Trends und Ger\u00e4te auf Messen anzuschauen und den Herstellern auf den Zahn zu f\u00fchlen.<\/div>\n<div>In Hamburg fand am letzten Wochenende die oohh! Freizeitwelten statt. Die Messe war eine Fundgrube f\u00fcr alle, die mal durch die neuesten Trends zu den Themen Reisen, Camping, Fahrrad und Fotografie st\u00f6bern wollten.<\/div>\n<div>&nbsp;<\/div>\n<div>Wir waren haupts\u00e4chlich wegen der Fotohaven da. Ziel unserer Begierde war die Sigma fp: eine sehr kompakte Vollformat-Spiegellose-Kamera.&nbsp;<\/div>\n<div>Zu unserer Ausr\u00fcstung z\u00e4hlt seit letztem Jahr die Nikon Z6, ebenso Vollformat und spiegellos. So sehr sich die Z6 als \u201ekleine\u201c Reisekamera etabliert hat und wir sie als Einstieg ins Filmen nutzen, so hat sie bei der Fotografie in Momenten, wo Geschwindigkeit gefragt ist, ihre Schw\u00e4chen, weil schlichtweg der Sucher zu langsam angeht oder die Anschaltzeit l\u00e4nger ist als bei unseren DSLR-Kameras.<\/div>\n<div>Die fp hat keinen Sucher &#8211; dar\u00fcber kann man jetzt streiten &#8211; und ist damit bereits einen Ticken schneller.<\/div>\n<div>Die Bauweise ist noch kompakter und man kann einen Griff montieren oder sie in einen K\u00e4fig setzen. Die Kamera ist sogar k\u00fcrzer als derzeitige Handys.<\/div>\n<div>Ein Pluspunkt ohne sie getestet zu haben ist jedoch, dass der Sensor durch eine Glasscheibe gesch\u00fctzt ist. Die Z6 hat das nicht, weswegen sie h\u00e4ufig in die Reinigung geht.<\/div>\n<div>Wir sind auf jeden Fall sehr gespannt die fp mal zu testen, da sie auch 4K Videos aufnimmt und f\u00fcr die Daten eine kleine SSD angesteckt werden kann, die man dann direkt an den PC bringt. Wahnsinnig praktisch.&nbsp;<\/div>\n<div>&nbsp;<\/div>\n<div>Unser eigentliches Highlight war aber die Minidrohne von Tello am DJI Stand.<\/div>\n<\/div>\n<div>Nur 80g machen dieses Leichtgewicht an Drohne zur perfekten Indoor oder Teststrecken Drohne, die mit dem Smartphone gesteuert wird. Sie passt in die Handfl\u00e4che und startet und landet auch von da. Durch das geringe Gewicht ben\u00f6tigt die Drohne keine Plakette. DJI und Intel liefern zum einen Softwareinput und sorgen so f\u00fcr einen beachtlichen Fang f\u00fcr den Preis.&nbsp;<\/div>\n<div>Mir hat au\u00dferdem gefallen, dass man der Drohne auch neue Flugman\u00f6ver beibringen kann, so ist es ein erstes Einteigen ins Programmieren.<\/div>\n<div>&nbsp;<\/div>\n<div>Wir werden uns sicher eine Tello zulegen, damit ich auch mal fliegen kann, ohne Marie zu zerst\u00f6ren.<\/div>\n<div>&nbsp;<\/div>\n<div>Auch dieses Jahr werden wir wohl unsere Kamerafamilie erweitern\u2026.<\/div>\n<div>&nbsp;<\/div>\n<div>&nbsp;<\/div>\n<div>Au\u00dferdem hatten wir noch einen kleinen Ausflug in die Caravan-Abteilung: Wahnsinn, wie luxuri\u00f6s das mittlerweile ist und wie gut durchdacht die Konzepte sind. Es reizt uns schon ein wenig mit so einem Gef\u00e4hrt mal durchs Land zu fahren und so noch freier die sch\u00f6nen Landschaften anzuschauen. Gar nicht mehr so angestaubt und nun in der gro\u00dfen Reiseliste mit aufgenommen. Es lohnt sich also mal die eigene Komfortzone zu verlassen.<\/div>\n<div>&nbsp;<\/div>\n<div>Sch\u00f6n neugierig bleiben!<\/div>\n<div>&nbsp;<\/div>\n<div>Steph<\/div>\n<p>&nbsp;<\/p>\n<p>&nbsp;<\/p>\n<p>&nbsp;<\/p>\n<p>&nbsp;<\/p>\n","protected":false},"excerpt":{"rendered":"<p>Oohh! Freizeitwelten &#8211; Fotohaven: kleine \u00dcberraschungen Sigmas fp: klein kompakt und oho! Tello Drohne: Mini-Drohne mit gro\u00dfem Spa\u00dffaktor Wir sind immer auf der Suche nach sinnvollen Erg\u00e4nzungen unseres Equipments um auf Reisen, bei Shootings und euren Veranstaltungen top ausger\u00fcstet zu sein und euch in den Workshops Tipps geben zu k\u00f6nnen. Dazu geh\u00f6rt f\u00fcr uns auch [&hellip;]<\/p>\n","protected":false},"author":2,"featured_media":0,"comment_status":"closed","ping_status":"open","sticky":false,"template":"","format":"standard","meta":{"ngg_post_thumbnail":0},"categories":[3,4],"tags":[14,9,17,13,12,15,16,10,11],"_links":{"self":[{"href":"https:\/\/www.ladisch.eu\/zpfeb\/wp-json\/wp\/v2\/posts\/480"}],"collection":[{"href":"https:\/\/www.ladisch.eu\/zpfeb\/wp-json\/wp\/v2\/posts"}],"about":[{"href":"https:\/\/www.ladisch.eu\/zpfeb\/wp-json\/wp\/v2\/types\/post"}],"author":[{"embeddable":true,"href":"https:\/\/www.ladisch.eu\/zpfeb\/wp-json\/wp\/v2\/users\/2"}],"replies":[{"embeddable":true,"href":"https:\/\/www.ladisch.eu\/zpfeb\/wp-json\/wp\/v2\/comments?post=480"}],"version-history":[{"count":3,"href":"https:\/\/www.ladisch.eu\/zpfeb\/wp-json\/wp\/v2\/posts\/480\/revisions"}],"predecessor-version":[{"id":490,"href":"https:\/\/www.ladisch.eu\/zpfeb\/wp-json\/wp\/v2\/posts\/480\/revisions\/490"}],"wp:attachment":[{"href":"https:\/\/www.ladisch.eu\/zpfeb\/wp-json\/wp\/v2\/media?parent=480"}],"wp:term":[{"taxonomy":"category","embeddable":true,"href":"https:\/\/www.ladisch.eu\/zpfeb\/wp-json\/wp\/v2\/categories?post=480"},{"taxonomy":"post_tag","embeddable":true,"href":"https:\/\/www.ladisch.eu\/zpfeb\/wp-json\/wp\/v2\/tags?post=480"}],"curies":[{"name":"wp","href":"https:\/\/api.w.org\/{rel}","templated":true}]}}