{"id":437,"date":"2019-05-15T18:52:50","date_gmt":"2019-05-15T16:52:50","guid":{"rendered":"http:\/\/www.ladisch.eu\/zpfeb\/?p=437"},"modified":"2019-05-15T19:47:30","modified_gmt":"2019-05-15T17:47:30","slug":"willkommen-z6","status":"publish","type":"post","link":"https:\/\/www.ladisch.eu\/zpfeb\/2019\/05\/15\/willkommen-z6\/","title":{"rendered":"Willkommen Z6"},"content":{"rendered":"<p style=\"text-align: justify;\">Wir sind ja nicht nur auf Reisen unterwegs, auch wenn das sehr sch\u00f6n w\u00e4re. Sondern wir begleiten auch die ein oder andere Hochzeit, Familie, Paar oder Portrait-Shootings.<\/p>\n<div class=\"\">&nbsp;<\/div>\n<div class=\"\" style=\"text-align: justify;\">So kommt es, dass unsere Kamera-Familie ein St\u00fcckchen gr\u00f6\u00dfer geworden ist. Bereits mit den ersten Ger\u00fcchten zur Vollformat-Systemkamera von Nikon waren wir beide unabh\u00e4ngig voneinander Feuer und Flamme. Neue M\u00f6glichkeiten wurden thematisiert, wie z.B. die ger\u00e4uschlose Ausl\u00f6sung, das Beibehalten des Nikon F-Mount und die 5-Achsen-Stabilisierung des Sensors.&nbsp;<\/div>\n<div class=\"\">&nbsp;<\/div>\n<div class=\"\" style=\"text-align: justify;\">Nun ist die Z6 bei uns in den Kamerataschen eingezogen und erweitert das Repertoire \u00fcber die D4, die D800 und all die anderen Werkzeuge. Innerhalb unseres Netzwerkes kamen immer mal wieder Fragen zum Kauf der Z6 auf. Die h\u00e4ufigsten waren:<\/div>\n<div>&nbsp;<\/div>\n<div class=\"\">\n<ul class=\"ox-5449cb534a-Apple-dash-list\">\n<li class=\"\">Warum braucht ihr noch eine Kamera?<\/li>\n<li class=\"\">Was ist denn hier nun der Vorteil?<\/li>\n<li class=\"\">Wann benutzt ihr die?<\/li>\n<\/ul>\n<div class=\"\">&nbsp;<\/div>\n<div class=\"\" style=\"text-align: justify;\">Wir brauchen per se keine weitere Kamera. Aber sie erscheint uns einfach praktisch und der ein oder andere USP spricht f\u00fcr die Z6. Da w\u00e4ren wir auch schon bei der zweiten Frage: Kirchliche Trauung oder Taufe und ihr macht ein Foto mit der DSLR, es gibt das sonore Ger\u00e4usch der Mechanik. Ich liebe ja pers\u00f6nlich dieses Ger\u00e4usch, aber die meisten Pastoren leider nicht.<\/div>\n<div>&nbsp;<\/div>\n<div class=\"\">Punkt 1: Ger\u00e4uschlos fotografieren<\/div>\n<div class=\"\">Punkt 2: Sie ist kompakter und unauff\u00e4lliger, wenn auch nicht leichter als unsere beiden \u201eErstgeborenen\u201c.<\/div>\n<div>&nbsp;<\/div>\n<div class=\"\" style=\"text-align: justify;\">Abgesehen von den beiden Punkten, hat sie eine Videofunktion mit Stabilisierung, die uns auf Reisen h\u00e4ufiger mal fehlte und sie wird f\u00fcr einige Timelapse-Videos genutzt werden. Interessant ist auch, dass man mit einer solchen Kamera nicht als Profi wahrgenommen wird und viel mehr innerhalb der grauen Masse agieren kann. Was auch die dritte Frage beantwortet. Klar ist aber, dass die Z6 eine Erg\u00e4nzung unserer Werkzeuge ist und nicht einzig und allein f\u00fcr jeden Job genutzt wird. Da sie aber neu ist und wir zuvor auch keine Erfahrungen mit spiegellosen Systemen sammeln konnten &#8211; werden wir sie auf Herz und Nieren testen.<\/div>\n<div>&nbsp;<\/div>\n<div style=\"text-align: justify;\">Wir haben uns folgendes \u00fcberlegt&#8230; Unsere Z6 wird in den kommenden Wochen und auf der USA-Reise ihre ganz pers\u00f6nliche Sicht der Dinge mit uns zu arbeiten kommentieren und dabei die St\u00e4rken und Schw\u00e4chen offenlegen. Dazu dann mehr auf Instagram und hier bei uns im Blog.<\/div>\n<div>&nbsp;<\/div>\n<div>&nbsp;<\/div>\n<div class=\"\">Falls ihr noch weitere <strong><a href=\"http:\/\/www.ladisch.eu\/zpfeb\/kontakt\/\">Fragen<\/a><\/strong> zu Vollformatsystemkameras habt, Testbilder von der Z6 wollt, Ideen habt, wie wir sie einsetzen k\u00f6nnen oder eine generelle Frage habt &#8211; immer her damit.<\/div>\n<\/div>\n<div>&nbsp;<\/div>\n","protected":false},"excerpt":{"rendered":"<p>Wir sind ja nicht nur auf Reisen unterwegs, auch wenn das sehr sch\u00f6n w\u00e4re. Sondern wir begleiten auch die ein oder andere Hochzeit, Familie, Paar oder Portrait-Shootings. &nbsp; So kommt es, dass unsere Kamera-Familie ein St\u00fcckchen gr\u00f6\u00dfer geworden ist. Bereits mit den ersten Ger\u00fcchten zur Vollformat-Systemkamera von Nikon waren wir beide unabh\u00e4ngig voneinander Feuer und [&hellip;]<\/p>\n","protected":false},"author":1,"featured_media":0,"comment_status":"closed","ping_status":"open","sticky":false,"template":"","format":"standard","meta":{"ngg_post_thumbnail":0},"categories":[1,3,4],"tags":[],"_links":{"self":[{"href":"https:\/\/www.ladisch.eu\/zpfeb\/wp-json\/wp\/v2\/posts\/437"}],"collection":[{"href":"https:\/\/www.ladisch.eu\/zpfeb\/wp-json\/wp\/v2\/posts"}],"about":[{"href":"https:\/\/www.ladisch.eu\/zpfeb\/wp-json\/wp\/v2\/types\/post"}],"author":[{"embeddable":true,"href":"https:\/\/www.ladisch.eu\/zpfeb\/wp-json\/wp\/v2\/users\/1"}],"replies":[{"embeddable":true,"href":"https:\/\/www.ladisch.eu\/zpfeb\/wp-json\/wp\/v2\/comments?post=437"}],"version-history":[{"count":4,"href":"https:\/\/www.ladisch.eu\/zpfeb\/wp-json\/wp\/v2\/posts\/437\/revisions"}],"predecessor-version":[{"id":442,"href":"https:\/\/www.ladisch.eu\/zpfeb\/wp-json\/wp\/v2\/posts\/437\/revisions\/442"}],"wp:attachment":[{"href":"https:\/\/www.ladisch.eu\/zpfeb\/wp-json\/wp\/v2\/media?parent=437"}],"wp:term":[{"taxonomy":"category","embeddable":true,"href":"https:\/\/www.ladisch.eu\/zpfeb\/wp-json\/wp\/v2\/categories?post=437"},{"taxonomy":"post_tag","embeddable":true,"href":"https:\/\/www.ladisch.eu\/zpfeb\/wp-json\/wp\/v2\/tags?post=437"}],"curies":[{"name":"wp","href":"https:\/\/api.w.org\/{rel}","templated":true}]}}