{"id":428,"date":"2019-05-01T12:21:12","date_gmt":"2019-05-01T10:21:12","guid":{"rendered":"http:\/\/www.ladisch.eu\/zpfeb\/?p=428"},"modified":"2019-05-01T12:21:12","modified_gmt":"2019-05-01T10:21:12","slug":"in-60-tagen","status":"publish","type":"post","link":"https:\/\/www.ladisch.eu\/zpfeb\/2019\/05\/01\/in-60-tagen\/","title":{"rendered":"In 60 Tagen&#8230;"},"content":{"rendered":"<p style=\"text-align: justify;\">Um die Welt? Naja, nicht ganz. Es geht jedoch weiter auf die andere Seite &#8211; in die USA. Nachdem Bali ja quasi die Prep-Reise zum Testen des Equipments war, wird der Trip in die Vereinigten Staaten unsere eigentliche Reise werden.<\/p>\n<p style=\"text-align: justify;\">\nDie Fl\u00fcge sind nach einigem Hin und Her gebucht und auch die ersten Unterk\u00fcnfte sind bezahlt. Wir k\u00f6nnten uns ewig \u00fcber die Reiseplanung ausschreiben und die vielen Stunden und Flug-Alert-Mails, die wir gesichtet haben aber alles in allem, haben wir f\u00fcr die Reisezeit (Juli) ganz passable Preise erzielen k\u00f6nnen. Es lohnt sich aber in jedem Fall die Augen offen zu halten. So haben wir es auch gedeichselt, dass wir zun\u00e4chst mit ein paar Tagen New York beginnen werden. Eigentlich war das nicht geplant, aber die Tickets sind so g\u00fcnstiger und die Stadt ist ja bekanntlich immer eine Reise wert, vor allem f\u00fcr uns NYC Fans.<\/p>\n<p style=\"text-align: justify;\">\nFotografisch wird es eine echte Herausforderung alles abzulichten von Street Art bis zum Star Shooting. Dazu kommt, dass wir auch gep\u00e4cktechnisch Umdenken m\u00fcssen, um noch mehr <em>Zeug<\/em> mitzubekommen. Leider hat sich der <em>Osmo Mobile 2<\/em> auf Bali nicht so sehr bew\u00e4hrt, weswegen der Osmo ausgetauscht wird gegen den <em>Osmo mobile Pocket<\/em>, dieser ist handlicher und verliert hoffentlich nicht st\u00e4ndig die Verbindung. Au\u00dferdem werden wir noch mehr Action Kameras mit und f\u00fchren um die Wanderungen und Autofahrten aufzunehmen. Zu gern h\u00e4tten wir den Aufstieg auf den Vulkan gefilmt, was aber mangels freien H\u00e4nden nicht ging.<\/p>\n<p style=\"text-align: justify;\">\nUnd ich \u00fcberlege f\u00fcr meinen Teil noch, ob ich auf eine etwas leichtere Systemkamera umsteige. Zwei Vollformat-Spiegelreflexkamera<wbr>s haben noch ein ganz sch\u00f6nes Gewicht. Sie haben aber auch jede f\u00fcr sich Ihre St\u00e4rken, die wir gern nutzen und ausreizen. Es bleibt also spannend, wie die Entscheidung ausf\u00e4llt. Wom\u00f6glich kommt die Systemkamera zus\u00e4tzlich mit \ud83d\ude42<\/p>\n<p>Wir werden sehen.<\/p>\n<p>Die Reiseroute und wie wir diese planen folgen!<\/p>\n","protected":false},"excerpt":{"rendered":"<p>Um die Welt? Naja, nicht ganz. Es geht jedoch weiter auf die andere Seite &#8211; in die USA. Nachdem Bali ja quasi die Prep-Reise zum Testen des Equipments war, wird der Trip in die Vereinigten Staaten unsere eigentliche Reise werden. Die Fl\u00fcge sind nach einigem Hin und Her gebucht und auch die ersten Unterk\u00fcnfte sind [&hellip;]<\/p>\n","protected":false},"author":1,"featured_media":0,"comment_status":"closed","ping_status":"open","sticky":false,"template":"","format":"standard","meta":{"ngg_post_thumbnail":0},"categories":[3],"tags":[],"_links":{"self":[{"href":"https:\/\/www.ladisch.eu\/zpfeb\/wp-json\/wp\/v2\/posts\/428"}],"collection":[{"href":"https:\/\/www.ladisch.eu\/zpfeb\/wp-json\/wp\/v2\/posts"}],"about":[{"href":"https:\/\/www.ladisch.eu\/zpfeb\/wp-json\/wp\/v2\/types\/post"}],"author":[{"embeddable":true,"href":"https:\/\/www.ladisch.eu\/zpfeb\/wp-json\/wp\/v2\/users\/1"}],"replies":[{"embeddable":true,"href":"https:\/\/www.ladisch.eu\/zpfeb\/wp-json\/wp\/v2\/comments?post=428"}],"version-history":[{"count":7,"href":"https:\/\/www.ladisch.eu\/zpfeb\/wp-json\/wp\/v2\/posts\/428\/revisions"}],"predecessor-version":[{"id":435,"href":"https:\/\/www.ladisch.eu\/zpfeb\/wp-json\/wp\/v2\/posts\/428\/revisions\/435"}],"wp:attachment":[{"href":"https:\/\/www.ladisch.eu\/zpfeb\/wp-json\/wp\/v2\/media?parent=428"}],"wp:term":[{"taxonomy":"category","embeddable":true,"href":"https:\/\/www.ladisch.eu\/zpfeb\/wp-json\/wp\/v2\/categories?post=428"},{"taxonomy":"post_tag","embeddable":true,"href":"https:\/\/www.ladisch.eu\/zpfeb\/wp-json\/wp\/v2\/tags?post=428"}],"curies":[{"name":"wp","href":"https:\/\/api.w.org\/{rel}","templated":true}]}}