{"id":328,"date":"2019-04-03T16:55:42","date_gmt":"2019-04-03T14:55:42","guid":{"rendered":"http:\/\/www.ladisch.eu\/zpfeb\/?p=328"},"modified":"2019-04-03T16:55:42","modified_gmt":"2019-04-03T14:55:42","slug":"bali-und-die-leica","status":"publish","type":"post","link":"https:\/\/www.ladisch.eu\/zpfeb\/2019\/04\/03\/bali-und-die-leica\/","title":{"rendered":"Bali und die Leica"},"content":{"rendered":"<p style=\"text-align: justify;\">Vielleicht wei\u00df es die Eine oder der Andere schon&#8230; Ich habe eine gewisse Liebe zu meiner alten analogen Leica IIIc entwickelt. Das gute St\u00fcck begleitet mich im grunde auf jede Reise und ist auch im Alltag oft an meiner Seite. Selbstverst\u00e4ndlich durfte Sie auf dem Trip nach Bali nicht fehlen und war zusammen mit einem Kodak Portra Film dabei.&nbsp;<\/p>\n<p>&nbsp;<\/p>\n<p style=\"text-align: justify;\">Was mir schon oft aufgefallen ist und auch auf Bali wunderbar funktioniert hat &#8211; die Gespr\u00e4chsaufnahme mit Leuten vor Ort durch die Leica. &#8222;<em>Oh, what a beautiful Camera&#8230;<\/em>&#8220; Ein oft geh\u00f6rter Satz. Ob am Strand, im Einkaufszentrum, im Kaffeehaus, im Taxi oder am Airport in der Grenzkontrolle. Ein perfekter Einstieg f\u00fcr einen <em>Small Talk<\/em> und das ein oder andere Mal auch der Grund f\u00fcr einen Insidertipp.&nbsp;<\/p>\n<p>&nbsp;<\/p>\n<p style=\"text-align: justify;\">Ja, man kann sagen, dass ich mich in die Leica und die Art damit zu fotografieren verliebt habe. Gerade wenn es nicht um einen Job geht &#8211; sondern um Urlaub und Reisen finde ich es super, wie die Leica mich dazu <em>zwingt<\/em> es langsamen anzugehen. Film einlegen: <em>Wer dies schon einmal bei einer IIIc gemacht hat, wei\u00df wovon ich spreche.<\/em> Den Film spannen, die Optik ausziehen und arretieren, mit dem Messsucher fokussieren, die Blende w\u00e4hlen, die Verschlusszeit einstellen und dann abdr\u00fccken. Das Ger\u00e4usch des Ausl\u00f6sers ist der Hammer! Ein so pr\u00e4zises mechanisches Ger\u00e4usch habe ich zuvor noch nicht geh\u00f6rt. Wer von Euch die M\u00f6glichkeit hat solch ein St\u00fcck mal in die H\u00e4nde zu bekommen, sollte diese nutzen &#8211; es lohnt sich.&nbsp;<\/p>\n<!--[if lt IE 9]><script>document.createElement('audio');<\/script><![endif]-->\n<audio class=\"wp-audio-shortcode\" id=\"audio-328-1\" loop=\"1\" preload=\"none\" style=\"width: 100%;\" controls=\"controls\"><source type=\"audio\/mpeg\" src=\"http:\/\/www.ladisch.eu\/zpfeb\/wp-content\/uploads\/2019\/04\/Leica_IIIc_Sound.mp3?_=1\" \/><a href=\"http:\/\/www.ladisch.eu\/zpfeb\/wp-content\/uploads\/2019\/04\/Leica_IIIc_Sound.mp3\">http:\/\/www.ladisch.eu\/zpfeb\/wp-content\/uploads\/2019\/04\/Leica_IIIc_Sound.mp3<\/a><\/audio>\n<p>&nbsp;<\/p>\n<p style=\"text-align: justify;\">Tipp: Bei Meister Camera in Hamburg kann man auch die alten St\u00fccke begutachten und erwerben \ud83d\ude42<\/p>\n<p>&nbsp;<\/p>\n<p style=\"text-align: justify;\">Aber ich schweife ab&#8230; Zur\u00fcck nach Bali: In der Zeit dort habe ich die Leica immer mal wieder rausgeholt und das ein oder andere f\u00fcr mich besondere Bild aufgenommen. Dabei begrenze ich mich oft selbst auf einen Film pro Reise, also 36 Bilder. Dies ist in meinen&nbsp; Augen der Qualit\u00e4t der Aufnahmen sehr dienlich. Ich kann mich oft an den 36 Bildern auf dem Film mehr erfreuen als an den 1000 Bildern, die ich mit dem <em>Opa Handy<\/em> geschossen habe. Warum? Weil die Momente die ich mit der IIIc geknipst habe etwas besonderes waren, sie sind \u00fcberlegter und aufwendiger entstanden als das simple Abdr\u00fccken auf dem Handy.<\/p>\n<p>&nbsp;<\/p>\n<figure id=\"attachment_330\" class=\"thumbnail wp-caption aligncenter\" style=\"width: 910px\"><img loading=\"lazy\" class=\"wp-image-330 size-full\" src=\"http:\/\/www.ladisch.eu\/zpfeb\/wp-content\/uploads\/2019\/04\/B087406-R1-11-14.jpg\" alt=\"\" width=\"900\" height=\"605\" srcset=\"https:\/\/www.ladisch.eu\/zpfeb\/wp-content\/uploads\/2019\/04\/B087406-R1-11-14.jpg 900w, https:\/\/www.ladisch.eu\/zpfeb\/wp-content\/uploads\/2019\/04\/B087406-R1-11-14-300x202.jpg 300w, https:\/\/www.ladisch.eu\/zpfeb\/wp-content\/uploads\/2019\/04\/B087406-R1-11-14-768x516.jpg 768w\" sizes=\"(max-width: 900px) 100vw, 900px\" \/><figcaption class=\"caption wp-caption-text\">Leica IIIc mit Kodak Portra 400 Film<\/figcaption><\/figure>\n<figure id=\"attachment_331\" class=\"thumbnail wp-caption aligncenter\" style=\"width: 910px\"><img loading=\"lazy\" class=\"wp-image-331 size-full\" src=\"http:\/\/www.ladisch.eu\/zpfeb\/wp-content\/uploads\/2019\/04\/B087406-R1-16-19.jpg\" alt=\"\" width=\"900\" height=\"605\" srcset=\"https:\/\/www.ladisch.eu\/zpfeb\/wp-content\/uploads\/2019\/04\/B087406-R1-16-19.jpg 900w, https:\/\/www.ladisch.eu\/zpfeb\/wp-content\/uploads\/2019\/04\/B087406-R1-16-19-300x202.jpg 300w, https:\/\/www.ladisch.eu\/zpfeb\/wp-content\/uploads\/2019\/04\/B087406-R1-16-19-768x516.jpg 768w\" sizes=\"(max-width: 900px) 100vw, 900px\" \/><figcaption class=\"caption wp-caption-text\">Leica IIIc mit Kodak Portra 400 Film<\/figcaption><\/figure>\n<figure id=\"attachment_332\" class=\"thumbnail wp-caption aligncenter\" style=\"width: 910px\"><img loading=\"lazy\" class=\"wp-image-332 size-full\" src=\"http:\/\/www.ladisch.eu\/zpfeb\/wp-content\/uploads\/2019\/04\/B087406-R1-18-21.jpg\" alt=\"\" width=\"900\" height=\"605\" srcset=\"https:\/\/www.ladisch.eu\/zpfeb\/wp-content\/uploads\/2019\/04\/B087406-R1-18-21.jpg 900w, https:\/\/www.ladisch.eu\/zpfeb\/wp-content\/uploads\/2019\/04\/B087406-R1-18-21-300x202.jpg 300w, https:\/\/www.ladisch.eu\/zpfeb\/wp-content\/uploads\/2019\/04\/B087406-R1-18-21-768x516.jpg 768w\" sizes=\"(max-width: 900px) 100vw, 900px\" \/><figcaption class=\"caption wp-caption-text\">Leica IIIc mit Kodak Portra 400 Film<\/figcaption><\/figure>\n<figure id=\"attachment_333\" class=\"thumbnail wp-caption aligncenter\" style=\"width: 910px\"><img loading=\"lazy\" class=\"wp-image-333 size-full\" src=\"http:\/\/www.ladisch.eu\/zpfeb\/wp-content\/uploads\/2019\/04\/B087406-R1-19-22.jpg\" alt=\"\" width=\"900\" height=\"605\" srcset=\"https:\/\/www.ladisch.eu\/zpfeb\/wp-content\/uploads\/2019\/04\/B087406-R1-19-22.jpg 900w, https:\/\/www.ladisch.eu\/zpfeb\/wp-content\/uploads\/2019\/04\/B087406-R1-19-22-300x202.jpg 300w, https:\/\/www.ladisch.eu\/zpfeb\/wp-content\/uploads\/2019\/04\/B087406-R1-19-22-768x516.jpg 768w\" sizes=\"(max-width: 900px) 100vw, 900px\" \/><figcaption class=\"caption wp-caption-text\">Leica IIIc mit Kodak Portra 400 Film<\/figcaption><\/figure>\n<figure id=\"attachment_334\" class=\"thumbnail wp-caption aligncenter\" style=\"width: 910px\"><img loading=\"lazy\" class=\"wp-image-334 size-full\" src=\"http:\/\/www.ladisch.eu\/zpfeb\/wp-content\/uploads\/2019\/04\/B087406-R1-20-23.jpg\" alt=\"\" width=\"900\" height=\"605\" srcset=\"https:\/\/www.ladisch.eu\/zpfeb\/wp-content\/uploads\/2019\/04\/B087406-R1-20-23.jpg 900w, https:\/\/www.ladisch.eu\/zpfeb\/wp-content\/uploads\/2019\/04\/B087406-R1-20-23-300x202.jpg 300w, https:\/\/www.ladisch.eu\/zpfeb\/wp-content\/uploads\/2019\/04\/B087406-R1-20-23-768x516.jpg 768w\" sizes=\"(max-width: 900px) 100vw, 900px\" \/><figcaption class=\"caption wp-caption-text\">Leica IIIc mit Kodak Portra 400 Film<\/figcaption><\/figure>\n<figure id=\"attachment_335\" class=\"thumbnail wp-caption aligncenter\" style=\"width: 910px\"><img loading=\"lazy\" class=\"wp-image-335 size-full\" src=\"http:\/\/www.ladisch.eu\/zpfeb\/wp-content\/uploads\/2019\/04\/B087406-R1-21-24.jpg\" alt=\"\" width=\"900\" height=\"605\" srcset=\"https:\/\/www.ladisch.eu\/zpfeb\/wp-content\/uploads\/2019\/04\/B087406-R1-21-24.jpg 900w, https:\/\/www.ladisch.eu\/zpfeb\/wp-content\/uploads\/2019\/04\/B087406-R1-21-24-300x202.jpg 300w, https:\/\/www.ladisch.eu\/zpfeb\/wp-content\/uploads\/2019\/04\/B087406-R1-21-24-768x516.jpg 768w\" sizes=\"(max-width: 900px) 100vw, 900px\" \/><figcaption class=\"caption wp-caption-text\">Leica IIIc mit Kodak Portra 400 Film<\/figcaption><\/figure>\n<figure id=\"attachment_336\" class=\"thumbnail wp-caption aligncenter\" style=\"width: 910px\"><img loading=\"lazy\" class=\"wp-image-336 size-full\" src=\"http:\/\/www.ladisch.eu\/zpfeb\/wp-content\/uploads\/2019\/04\/B087406-R1-22-25.jpg\" alt=\"\" width=\"900\" height=\"605\" srcset=\"https:\/\/www.ladisch.eu\/zpfeb\/wp-content\/uploads\/2019\/04\/B087406-R1-22-25.jpg 900w, https:\/\/www.ladisch.eu\/zpfeb\/wp-content\/uploads\/2019\/04\/B087406-R1-22-25-300x202.jpg 300w, https:\/\/www.ladisch.eu\/zpfeb\/wp-content\/uploads\/2019\/04\/B087406-R1-22-25-768x516.jpg 768w\" sizes=\"(max-width: 900px) 100vw, 900px\" \/><figcaption class=\"caption wp-caption-text\">Leica IIIc mit Kodak Portra 400 Film<\/figcaption><\/figure>\n<figure id=\"attachment_337\" class=\"thumbnail wp-caption aligncenter\" style=\"width: 910px\"><img loading=\"lazy\" class=\"wp-image-337 size-full\" src=\"http:\/\/www.ladisch.eu\/zpfeb\/wp-content\/uploads\/2019\/04\/B087406-R1-27-30.jpg\" alt=\"\" width=\"900\" height=\"605\" srcset=\"https:\/\/www.ladisch.eu\/zpfeb\/wp-content\/uploads\/2019\/04\/B087406-R1-27-30.jpg 900w, https:\/\/www.ladisch.eu\/zpfeb\/wp-content\/uploads\/2019\/04\/B087406-R1-27-30-300x202.jpg 300w, https:\/\/www.ladisch.eu\/zpfeb\/wp-content\/uploads\/2019\/04\/B087406-R1-27-30-768x516.jpg 768w\" sizes=\"(max-width: 900px) 100vw, 900px\" \/><figcaption class=\"caption wp-caption-text\">Leica IIIc mit Kodak Portra 400 Film<\/figcaption><\/figure>\n<figure id=\"attachment_338\" class=\"thumbnail wp-caption aligncenter\" style=\"width: 910px\"><img loading=\"lazy\" class=\"wp-image-338 size-full\" src=\"http:\/\/www.ladisch.eu\/zpfeb\/wp-content\/uploads\/2019\/04\/Leica.jpg\" alt=\"\" width=\"900\" height=\"600\" srcset=\"https:\/\/www.ladisch.eu\/zpfeb\/wp-content\/uploads\/2019\/04\/Leica.jpg 900w, https:\/\/www.ladisch.eu\/zpfeb\/wp-content\/uploads\/2019\/04\/Leica-300x200.jpg 300w, https:\/\/www.ladisch.eu\/zpfeb\/wp-content\/uploads\/2019\/04\/Leica-768x512.jpg 768w, https:\/\/www.ladisch.eu\/zpfeb\/wp-content\/uploads\/2019\/04\/Leica-330x220.jpg 330w\" sizes=\"(max-width: 900px) 100vw, 900px\" \/><figcaption class=\"caption wp-caption-text\">Meine Leica IIIc<\/figcaption><\/figure>\n<p>&nbsp;<\/p>\n<p>&nbsp;<\/p>\n<p style=\"text-align: justify;\">Was meint Ihr? Habt Ihr eine analoge Kamera zu Hause und k\u00f6nnt nachvollziehen, was ich meine? Schreibt uns gern \u00fcber das <strong><a href=\"http:\/\/www.ladisch.eu\/zpfeb\/kontakt\/\">Kontaktformular<\/a><\/strong> eine Mail. Kleiner Teaser an dieser Stelle &#8211; Bali hat uns so gut gefallen, dass wir \u00fcberlegen im Dezember erneut dorthin zu fliegen. Mal sehen, was die Reisekasse dazu sagt \ud83d\ude42<\/p>\n<p>&nbsp;<\/p>\n<p>&nbsp;<\/p>\n","protected":false},"excerpt":{"rendered":"<p>Vielleicht wei\u00df es die Eine oder der Andere schon&#8230; Ich habe eine gewisse Liebe zu meiner alten analogen Leica IIIc entwickelt. Das gute St\u00fcck begleitet mich im grunde auf jede Reise und ist auch im Alltag oft an meiner Seite. Selbstverst\u00e4ndlich durfte Sie auf dem Trip nach Bali nicht fehlen und war zusammen mit einem [&hellip;]<\/p>\n","protected":false},"author":1,"featured_media":0,"comment_status":"closed","ping_status":"open","sticky":false,"template":"","format":"standard","meta":{"ngg_post_thumbnail":0},"categories":[3],"tags":[],"_links":{"self":[{"href":"https:\/\/www.ladisch.eu\/zpfeb\/wp-json\/wp\/v2\/posts\/328"}],"collection":[{"href":"https:\/\/www.ladisch.eu\/zpfeb\/wp-json\/wp\/v2\/posts"}],"about":[{"href":"https:\/\/www.ladisch.eu\/zpfeb\/wp-json\/wp\/v2\/types\/post"}],"author":[{"embeddable":true,"href":"https:\/\/www.ladisch.eu\/zpfeb\/wp-json\/wp\/v2\/users\/1"}],"replies":[{"embeddable":true,"href":"https:\/\/www.ladisch.eu\/zpfeb\/wp-json\/wp\/v2\/comments?post=328"}],"version-history":[{"count":6,"href":"https:\/\/www.ladisch.eu\/zpfeb\/wp-json\/wp\/v2\/posts\/328\/revisions"}],"predecessor-version":[{"id":344,"href":"https:\/\/www.ladisch.eu\/zpfeb\/wp-json\/wp\/v2\/posts\/328\/revisions\/344"}],"wp:attachment":[{"href":"https:\/\/www.ladisch.eu\/zpfeb\/wp-json\/wp\/v2\/media?parent=328"}],"wp:term":[{"taxonomy":"category","embeddable":true,"href":"https:\/\/www.ladisch.eu\/zpfeb\/wp-json\/wp\/v2\/categories?post=328"},{"taxonomy":"post_tag","embeddable":true,"href":"https:\/\/www.ladisch.eu\/zpfeb\/wp-json\/wp\/v2\/tags?post=328"}],"curies":[{"name":"wp","href":"https:\/\/api.w.org\/{rel}","templated":true}]}}