{"id":312,"date":"2019-02-14T20:59:39","date_gmt":"2019-02-14T19:59:39","guid":{"rendered":"http:\/\/www.ladisch.eu\/zpfeb\/?p=312"},"modified":"2019-02-14T20:59:39","modified_gmt":"2019-02-14T19:59:39","slug":"30-tage-bis-bali","status":"publish","type":"post","link":"https:\/\/www.ladisch.eu\/zpfeb\/2019\/02\/14\/30-tage-bis-bali\/","title":{"rendered":"30 Tage bis Bali"},"content":{"rendered":"<p>\u201eManche halten einen ausgef\u00fcllten Terminkalender f\u00fcr ein ausgef\u00fclltes Leben.\u201c Gerhard Uhlenbruck<\/p>\n<p style=\"text-align: justify;\">Terminkalender sind super, ohne w\u00e4ren wir beide verloren, aber sie sind schon ordentlich voll zur Zeit. Reisevorbereitungen kommen da gerade zu kurz, vor allem die Flugstunden mit der kleinen Drohne. Ganz zu schweigen von dem Gyroarm, den wir noch gar nicht getestet haben. Immerhin haben wir unsere Fotospots auf der Insel schon recht gut geplant, sodass wir uns vor Ort nur noch einen Fahrer suchen m\u00fcssen. Aber dennoch, Impfungen m\u00fcssen noch erledigt werden, das Gep\u00e4ck zusammengestellt werden und n\u00fctzliche Gadgets wie Schwimmschuhe und Wasserschutz f\u00fcr die Kameras besorgt werden&#8230;<\/p>\n<p>&nbsp;<\/p>\n<p style=\"text-align: justify;\">Je mehr Zeit verstreicht, desto eher wird das hier eine Generalprobe f\u00fcr die USA Reise. Und es treten nach und nach mehr Fragen auf: M\u00fcssen wir mit Spezialcases fliegen, um das Equipment angemessen zu sch\u00fctzen? Brauchen wir Sondergenehmigungen? Wie transportieren wir die Dinge vor Ort? Muss die Kameraversicherung aufgestockt werden? Und vieles mehr&#8230;<\/p>\n<p>&nbsp;<\/p>\n<p style=\"text-align: justify;\">Notiz an uns selbst: Erstmal Flugstunden absolvieren und den Gyroarm n\u00e4her kennenlernen.<\/p>\n<p>&nbsp;<\/p>\n<figure id=\"attachment_306\" class=\"thumbnail wp-caption aligncenter\" style=\"width: 910px\"><img loading=\"lazy\" class=\"wp-image-306 size-full\" src=\"http:\/\/www.ladisch.eu\/zpfeb\/wp-content\/uploads\/2019\/02\/WEB_dji_spark.jpg\" alt=\"\" width=\"900\" height=\"599\" srcset=\"https:\/\/www.ladisch.eu\/zpfeb\/wp-content\/uploads\/2019\/02\/WEB_dji_spark.jpg 900w, https:\/\/www.ladisch.eu\/zpfeb\/wp-content\/uploads\/2019\/02\/WEB_dji_spark-300x200.jpg 300w, https:\/\/www.ladisch.eu\/zpfeb\/wp-content\/uploads\/2019\/02\/WEB_dji_spark-768x511.jpg 768w, https:\/\/www.ladisch.eu\/zpfeb\/wp-content\/uploads\/2019\/02\/WEB_dji_spark-330x220.jpg 330w\" sizes=\"(max-width: 900px) 100vw, 900px\" \/><figcaption class=\"caption wp-caption-text\">unsere dji Spark<\/figcaption><\/figure>\n<p style=\"text-align: center;\"><a href=\"http:\/\/www.ladisch.eu\/zpfeb\/kontakt\/\">Tipps und Tricks<\/a> nehmen wir wie immer gern an!<\/p>\n<p>&nbsp;<\/p>\n<p>&nbsp;<\/p>\n<p>&nbsp;<\/p>\n","protected":false},"excerpt":{"rendered":"<p>\u201eManche halten einen ausgef\u00fcllten Terminkalender f\u00fcr ein ausgef\u00fclltes Leben.\u201c Gerhard Uhlenbruck Terminkalender sind super, ohne w\u00e4ren wir beide verloren, aber sie sind schon ordentlich voll zur Zeit. Reisevorbereitungen kommen da gerade zu kurz, vor allem die Flugstunden mit der kleinen Drohne. Ganz zu schweigen von dem Gyroarm, den wir noch gar nicht getestet haben. Immerhin [&hellip;]<\/p>\n","protected":false},"author":1,"featured_media":0,"comment_status":"closed","ping_status":"open","sticky":false,"template":"","format":"standard","meta":{"ngg_post_thumbnail":0},"categories":[3],"tags":[],"_links":{"self":[{"href":"https:\/\/www.ladisch.eu\/zpfeb\/wp-json\/wp\/v2\/posts\/312"}],"collection":[{"href":"https:\/\/www.ladisch.eu\/zpfeb\/wp-json\/wp\/v2\/posts"}],"about":[{"href":"https:\/\/www.ladisch.eu\/zpfeb\/wp-json\/wp\/v2\/types\/post"}],"author":[{"embeddable":true,"href":"https:\/\/www.ladisch.eu\/zpfeb\/wp-json\/wp\/v2\/users\/1"}],"replies":[{"embeddable":true,"href":"https:\/\/www.ladisch.eu\/zpfeb\/wp-json\/wp\/v2\/comments?post=312"}],"version-history":[{"count":10,"href":"https:\/\/www.ladisch.eu\/zpfeb\/wp-json\/wp\/v2\/posts\/312\/revisions"}],"predecessor-version":[{"id":322,"href":"https:\/\/www.ladisch.eu\/zpfeb\/wp-json\/wp\/v2\/posts\/312\/revisions\/322"}],"wp:attachment":[{"href":"https:\/\/www.ladisch.eu\/zpfeb\/wp-json\/wp\/v2\/media?parent=312"}],"wp:term":[{"taxonomy":"category","embeddable":true,"href":"https:\/\/www.ladisch.eu\/zpfeb\/wp-json\/wp\/v2\/categories?post=312"},{"taxonomy":"post_tag","embeddable":true,"href":"https:\/\/www.ladisch.eu\/zpfeb\/wp-json\/wp\/v2\/tags?post=312"}],"curies":[{"name":"wp","href":"https:\/\/api.w.org\/{rel}","templated":true}]}}