{"id":1162,"date":"2020-11-17T13:31:00","date_gmt":"2020-11-17T12:31:00","guid":{"rendered":"https:\/\/www.ladisch.eu\/zpfeb\/?p=1162"},"modified":"2020-11-17T13:31:00","modified_gmt":"2020-11-17T12:31:00","slug":"auf-der-suche-nach-neuen-projekten-herbst-blues","status":"publish","type":"post","link":"https:\/\/www.ladisch.eu\/zpfeb\/2020\/11\/17\/auf-der-suche-nach-neuen-projekten-herbst-blues\/","title":{"rendered":"Auf der Suche nach neuen Projekten &#8211; Herbst Blues"},"content":{"rendered":"<div>&nbsp;<\/div>\n<div style=\"text-align: justify;\">Dass dieses Jahr ein besonderes Jahr ist, haben wir nun alle mehr oder weniger schmerzhaft erfahren m\u00fcssen. Auch f\u00fcr uns als nebenberufliche Fotografen ist es ein eigenartiges Jahr. Haben wir sonst im Somme ganz gut zu tun und freuen uns mit mehreren Paaren, hat die Pandemie dazu gef\u00fchrt, dass wir dieses Jahr zwei ganz wunderbare Hochzeiten begleiten durften.&nbsp; Jetzt sind wir mitten im Herbst und die Bl\u00e4tter ver\u00e4ndern ihre Farbe, das Licht ist tiefer und irgendwie w\u00e4rmer und es kommt zu wahnsinnig sch\u00f6nen und intensiven Farben.&nbsp; ABER: Leider d\u00fcrfen wir uns auf keine weitere Hochzeit in diesem Jahr freuen.<\/div>\n<div>&nbsp;<\/div>\n<div style=\"text-align: justify;\">Wir sind also auf der Suche nach neuen Projekten.<\/div>\n<div style=\"text-align: justify;\">W\u00e4hrend Patrick einen <a href=\"https:\/\/www.moinfoto.de\" target=\"_blank\" rel=\"noopener noreferrer\">Podcast<\/a> ins Leben geruft hat, den er mit Dave gemeinsam w\u00f6chentlich rausbringt, \u00fcberlege ich, was ich machen k\u00f6nnte. Zugegeben, weniger Fotoprojekte bedeutet f\u00fcr mich auch mehr Zeit f\u00fcr meine eigentliche Arbeit, aber unsere Fotojobs sind meine Projekte f\u00fcr\u2019s Herz und ich liebe einfach Hochzeiten und diese ganz besondere Stimmung und Vorfreude.<\/div>\n<div>&nbsp;<\/div>\n<div style=\"text-align: justify;\">Es bleibt das Thema der Videografie. Ab und an komme ich in die Verlegenheit Videos zusammenzuschneiden. Ich kann das wirklich nicht gut, aber es macht mir unheimlich Spa\u00df. Zwei Urlaubsvideos (USA letztes Jahr und Santorini dieses Jahr) warten noch, aber es ist etwas anderes als Videos f\u00fcr die Arbeit oder die Paare zu machen. Eines unserer m\u00f6glichen Goodies, die wir unseren Paaren mitgeben, ist ein Video aus Sequenzen und Bildern der Hochzeit. Wir m\u00f6gen es, wenn wir auch Content produzieren, der \u00fcberrascht, wie ein Zeitraffer oder ein 360 Grad Bild.<\/div>\n<div>&nbsp;<\/div>\n<div style=\"text-align: justify;\">Unsere eigenen Bilder und Videos zusammenzustellen ist jedoch etwas, worauf ich keine gro\u00dfe Lust habe. Alleine in den USA haben wir 20 Stunden Videomaterial aufgenommen. Mal ehrlich, wer schaut sich das an, das wird ja kein Hollywood-Film oder eine Dokumentation, es soll ein kurzes, maximal 12 min\u00fctiges Video unseres Urlaubes werden.&nbsp;Es fehlt dazu also der Antrieb. Abends wird es jedoch auch schon wieder so fr\u00fch dunkel, dass es nach dem Feierabend kaum noch m\u00f6glich ist bei Tageslicht zu fotografieren.&nbsp;<\/div>\n<div>&nbsp;<\/div>\n<div style=\"text-align: justify;\">Wir hatten noch die Idee uns ein \u201eLookbook\u201c anzufertigen auch mit verschiedenen Papiersorten und Druckarten. Vielleicht ist das ein gutes Winterprojekt, wir werden es euch wissen lassen!<\/div>\n<div>&nbsp;<\/div>\n<div>Bis dahin<\/div>\n","protected":false},"excerpt":{"rendered":"<p>&nbsp; Dass dieses Jahr ein besonderes Jahr ist, haben wir nun alle mehr oder weniger schmerzhaft erfahren m\u00fcssen. Auch f\u00fcr uns als nebenberufliche Fotografen ist es ein eigenartiges Jahr. Haben wir sonst im Somme ganz gut zu tun und freuen uns mit mehreren Paaren, hat die Pandemie dazu gef\u00fchrt, dass wir dieses Jahr zwei ganz [&hellip;]<\/p>\n","protected":false},"author":1,"featured_media":0,"comment_status":"closed","ping_status":"open","sticky":false,"template":"","format":"standard","meta":{"ngg_post_thumbnail":0},"categories":[1],"tags":[],"_links":{"self":[{"href":"https:\/\/www.ladisch.eu\/zpfeb\/wp-json\/wp\/v2\/posts\/1162"}],"collection":[{"href":"https:\/\/www.ladisch.eu\/zpfeb\/wp-json\/wp\/v2\/posts"}],"about":[{"href":"https:\/\/www.ladisch.eu\/zpfeb\/wp-json\/wp\/v2\/types\/post"}],"author":[{"embeddable":true,"href":"https:\/\/www.ladisch.eu\/zpfeb\/wp-json\/wp\/v2\/users\/1"}],"replies":[{"embeddable":true,"href":"https:\/\/www.ladisch.eu\/zpfeb\/wp-json\/wp\/v2\/comments?post=1162"}],"version-history":[{"count":2,"href":"https:\/\/www.ladisch.eu\/zpfeb\/wp-json\/wp\/v2\/posts\/1162\/revisions"}],"predecessor-version":[{"id":1164,"href":"https:\/\/www.ladisch.eu\/zpfeb\/wp-json\/wp\/v2\/posts\/1162\/revisions\/1164"}],"wp:attachment":[{"href":"https:\/\/www.ladisch.eu\/zpfeb\/wp-json\/wp\/v2\/media?parent=1162"}],"wp:term":[{"taxonomy":"category","embeddable":true,"href":"https:\/\/www.ladisch.eu\/zpfeb\/wp-json\/wp\/v2\/categories?post=1162"},{"taxonomy":"post_tag","embeddable":true,"href":"https:\/\/www.ladisch.eu\/zpfeb\/wp-json\/wp\/v2\/tags?post=1162"}],"curies":[{"name":"wp","href":"https:\/\/api.w.org\/{rel}","templated":true}]}}